[{"@context":"https:\/\/schema.org\/","@type":"Article","@id":"https:\/\/www.eeap.cz\/deti-a-mobil\/#Article","mainEntityOfPage":"https:\/\/www.eeap.cz\/deti-a-mobil\/","headline":"D\u011bti a mobil","name":"D\u011bti a mobil","description":"Nikdy nezapomenu na sv\u016fj prvn\u00ed mobiln\u00ed telefon. Byla to \u00fapln\u00e1 katastrofa. Pamatuji si, jak jsem v\u017edycky cht\u011bla mobiln\u00ed telefon. To jsem byla asi v \u0161est\u00e9&hellip;","datePublished":"2022-08-28","dateModified":"2023-05-05","author":{"@type":"Person","@id":"https:\/\/www.eeap.cz\/author\/#Person","name":"","url":"https:\/\/www.eeap.cz\/author\/","identifier":1,"image":{"@type":"ImageObject","@id":"https:\/\/secure.gravatar.com\/avatar\/390ba47df5874845ef3762ac16ecd0a67f4e30c13cbb7c7ee444ade303aa885b?s=96&d=mm&r=g","url":"https:\/\/secure.gravatar.com\/avatar\/390ba47df5874845ef3762ac16ecd0a67f4e30c13cbb7c7ee444ade303aa885b?s=96&d=mm&r=g","height":96,"width":96}},"publisher":{"@type":"Organization","name":"eeap.cz","logo":{"@type":"ImageObject","@id":"\/logo.png","url":"\/logo.png","width":600,"height":60}},"image":{"@type":"ImageObject","@id":"https:\/\/www.eeap.cz\/wp-content\/uploads\/stock-624712_960_720_6.jpg","url":"https:\/\/www.eeap.cz\/wp-content\/uploads\/stock-624712_960_720_6.jpg","height":0,"width":0},"url":"https:\/\/www.eeap.cz\/deti-a-mobil\/","about":["Mobil"],"wordCount":425,"articleBody":"Nikdy nezapomenu na sv\u016fj prvn\u00ed mobiln\u00ed telefon. Byla to \u00fapln\u00e1 katastrofa. Pamatuji si, jak jsem v\u017edycky cht\u011bla mobiln\u00ed telefon. To jsem byla asi v \u0161est\u00e9 nebo sedm\u00e9 t\u0159\u00edd\u011b. Pamatuji si taky to, jak hlavn\u011b spolu\u017e\u00e1ci u\u017e m\u011bli mobiln\u00ed telefony. A kdy\u017e u toho byl fotoapar\u00e1t, tak to bylo u\u017e co \u0159\u00edct. Ten, kdo m\u011bl mobil s fo\u0165\u00e1kem, tak si mohl \u0159\u00edkat, \u017ee je kr\u00e1l. A j\u00e1 jsem jim z\u00e1vid\u011bla. Sice bylo to takov\u00e9 docela z\u00e1zra\u010dn\u00e9, \u017ee by d\u00edt\u011b na z\u00e1kladn\u00ed \u0161kole m\u011bl mobiln\u00ed telefon, ale j\u00e1 jsem ho taky cht\u011bla, stejn\u011b\u00a0jako\u00a0ostatn\u00ed. A koukala jsem, jak v\u0161echny d\u011bti si s mobiln\u00edm telefonem\u00a0hraj\u00ed\u00a0a jsou velmi popul\u00e1rn\u00ed a ka\u017ed\u00fd s nimi nechce kamar\u00e1dit. Sice j\u00e1 v\u00edm, \u017ee materi\u00e1ln\u00ed v\u011bci nejsou nic moc, \u017ee nejsou d\u016fle\u017eit\u00e9, ale v\u011b\u0159te mi, \u017ee pro d\u00edt\u011b, a hlavn\u011b na z\u00e1kladn\u00ed \u0161kole to d\u016fle\u017eit\u00e9 velice je. A p\u0159eci na z\u00e1kladn\u00ed \u0161kole se v\u0161ichni formuj\u00ed a d\u00e1vaj\u00ed do skupinek, seznamuj\u00ed se. A j\u00e1 v\u00edm, jist\u011b v\u00edte taky, \u017ee kdy\u017e je n\u011bkdo jin\u00fd a odli\u0161n\u00fd, tak n\u011bkdy to je opravdu slo\u017eit\u00e9 se n\u011bkam do spole\u010dnosti za\u0159adit. Tak\u017ee jsem byla nakonec r\u00e1da, kdy\u017e jsem rodi\u010de poprosila, aby mi po\u0159\u00eddili n\u011bjak\u00fd mobiln\u00ed telefon.Sice vypadal katastrof\u00e1ln\u011b a byl \u0161kared\u00fd a otloukan\u00fd, ale bylo mi to \u00fapln\u011b jedno. Sta\u010dilo, \u017ee m\u00e1m mobiln\u00ed telefon. Ob\u010das mi taky rodi\u010de dobyli kredit, tak\u017ee se mohla volat t\u0159eba svoj\u00ed kamar\u00e1dce, kter\u00e1 je o rok star\u0161\u00ed ve \u0161kole. A ona taky m\u011bla mobiln\u00ed telefon a byla taky z n\u011bho nad\u0161en\u00e1. Tak\u017ee pokud jste i vy jako d\u011bti\u00a0na z\u00e1kladn\u00ed\u00a0\u0161kole m\u011bli mobiln\u00ed telefon, tak v\u011b\u0159te, \u017ee jste m\u011bli opravdu velik\u00e9 \u0161t\u011bst\u00ed. Proto\u017ee mnoho d\u011bt\u00ed\u00a0takov\u00e9\u00a0\u0161t\u011bst\u00ed\u00a0v\u016fbec\u00a0nem\u011blo. N\u011bkdy se pt\u00e1m,\u00a0pro\u010d\u00a0to tak je. Pro\u010d jsou materi\u00e1ln\u00ed v\u011bci tak d\u016fle\u017eit\u00e9? J\u00e1\u00a0jsem\u00a0s\u00a0to, taky\u00a0m\u011bla kdysi velk\u00e9\u00a0probl\u00e9my. Na mobily a technick\u00e9 v\u011bci jsme\u00a0nikdy\u00a0nebyla, ale jak \u0161el \u010das, musela jsem\u00a0tomu p\u0159ij\u00edt na chu\u0165. Jinak bych asi u\u017e byla jenom outsider.\u00a0Mysl\u00edm, \u017ee\u00a0\u010dlov\u011bk\u00a0by m\u011bl j\u00edt s\u00a0dobou, aby neuv\u00e1zl v\u00a0minulosti.                                                                                                                                                                                                                                                                                                                                                                                        4\/5 - (3 votes)        "},{"@context":"https:\/\/schema.org\/","@type":"BreadcrumbList","itemListElement":[{"@type":"ListItem","position":1,"name":"D\u011bti a mobil","item":"https:\/\/www.eeap.cz\/deti-a-mobil\/#breadcrumbitem"}]}]