[{"@context":"https:\/\/schema.org\/","@type":"Article","@id":"https:\/\/www.eeap.cz\/krasa-s-ohledem-na-prirodu\/#Article","mainEntityOfPage":"https:\/\/www.eeap.cz\/krasa-s-ohledem-na-prirodu\/","headline":"Kr\u00e1sa s ohledem na p\u0159\u00edrodu","name":"Kr\u00e1sa s ohledem na p\u0159\u00edrodu","description":"B\u00fdt kr\u00e1snou je v r\u00e1mci sou\u010dasn\u00e9, modern\u00ed doby velmi nelehk\u00fd \u00fakol, a to zejm\u00e9na z toho d\u016fvodu, \u017ee je zde \u010d\u00edm d\u00e1l, t\u00edm v\u011bt\u0161\u00ed n\u00e1tlak&hellip;","datePublished":"2020-08-11","dateModified":"2023-05-25","author":{"@type":"Person","@id":"https:\/\/www.eeap.cz\/author\/#Person","name":"","url":"https:\/\/www.eeap.cz\/author\/","identifier":1,"image":{"@type":"ImageObject","@id":"https:\/\/secure.gravatar.com\/avatar\/390ba47df5874845ef3762ac16ecd0a67f4e30c13cbb7c7ee444ade303aa885b?s=96&d=mm&r=g","url":"https:\/\/secure.gravatar.com\/avatar\/390ba47df5874845ef3762ac16ecd0a67f4e30c13cbb7c7ee444ade303aa885b?s=96&d=mm&r=g","height":96,"width":96}},"publisher":{"@type":"Organization","name":"eeap.cz","logo":{"@type":"ImageObject","@id":"\/logo.png","url":"\/logo.png","width":600,"height":60}},"image":{"@type":"ImageObject","@id":"https:\/\/www.eeap.cz\/wp-content\/uploads\/pom%C5%AFcky%20ke%20kr%C3%A1se.jpeg","url":"https:\/\/www.eeap.cz\/wp-content\/uploads\/pom%C5%AFcky%20ke%20kr%C3%A1se.jpeg","height":0,"width":0},"url":"https:\/\/www.eeap.cz\/krasa-s-ohledem-na-prirodu\/","about":["Nakupov\u00e1n\u00ed"],"wordCount":453,"articleBody":"    B\u00fdt kr\u00e1snou je v r\u00e1mci sou\u010dasn\u00e9, modern\u00ed doby velmi nelehk\u00fd \u00fakol, a to zejm\u00e9na z toho d\u016fvodu, \u017ee je zde \u010d\u00edm d\u00e1l, t\u00edm v\u011bt\u0161\u00ed n\u00e1tlak ze strany spole\u010dnosti. Samoz\u0159ejm\u011b, \u017ee nen\u00ed v \u017e\u00e1dn\u00e9m p\u0159\u00edpad\u011b vhodn\u00e9, abychom se t\u00edmto n\u00e1tlakem nechali ovlivnit, av\u0161ak ne v\u017edy je n\u011bco takov\u00e9ho mo\u017en\u00e9, co\u017e tedy ve fin\u00e1le m\u016f\u017ee v\u00e9st a\u017e k tomu, \u017ee sv\u016fj \u017eivot nech\u00e1v\u00e1me \u0159\u00eddit n\u011bkoho jin\u00e9ho. Jist\u011b, \u017ee to nen\u00ed spr\u00e1vn\u011b, a pr\u00e1v\u011b proto bychom se tedy m\u011bli vzep\u0159\u00edt, a \u0159\u00edci, \u017ee u\u017e je toho dost, a je tedy t\u0159eba d\u011blat ur\u010dit\u00e9 v\u011bci jinak, tedy l\u00e9pe a s rozmyslem.Zejm\u00e9na u kr\u00e1sy \u017een je tento probl\u00e9m spjat tak\u00e9 s t\u00edm, \u017ee je viditeln\u00e9 veden\u00ed ze strany t\u011bch v\u00fdznamn\u011bj\u0161\u00edch k tomu, aby ostatn\u00ed kupovaly ty drah\u00e9 v\u00fdrobky od velmi zn\u00e1m\u00fdch kosmetick\u00fdch firem, av\u0161ak ne v\u017edy je n\u011bco takov\u00e9ho spr\u00e1vn\u00e9. Mnohem lep\u0161\u00ed je tedy v tomto p\u0159\u00edpad\u011b z\u00e1jem kosmetick\u00e9 produkty, kter\u00e9 jsou \u0161etrn\u00e9, jak ke zv\u00ed\u0159at\u016fm, tak k \u017eivotn\u00edmu prost\u0159edn\u00ed, a to zejm\u00e9na z toho d\u016fvodu, \u017ee je v\u00edce ne\u017e vhodn\u00e9, abychom sou\u010dasnou planetu Zemi zachovali i pro budouc\u00ed generace, a to tak, jak ji zn\u00e1me my. A zejm\u00e9na z t\u011bchto v\u00fd\u0161e zm\u00edn\u011bn\u00fdch d\u016fvod\u016f v\u00e1m tedy v\u00edce, ne\u017e v\u0159ele doporu\u010duji, abyste si koupily produkt, jen\u017e nese n\u00e1zev nejlep\u0161\u00ed p\u0159\u00edrodn\u00ed \u0159asenka, a to proto, \u017ee jen z jeho d\u016fvodu je mo\u017en\u00e9, abychom mohli my v\u0161ichni kone\u010dn\u011b op\u011bt norm\u00e1ln\u011b, kvalitn\u011b a v klidu za\u017e\u00edvat ty ka\u017edodenn\u00ed situace, kter\u00e9 bychom si m\u011bli v\u017edy naplno vychutnat.Je tak tedy v\u00edce, ne\u017e pochopiteln\u00e9, \u017ee opravdu ka\u017ed\u00e1 z n\u00e1s se mus\u00ed zaj\u00edmat o to, aby bylo mo\u017en\u00e9 \u017e\u00edt na\u0161e \u017eivoty o n\u011bco jednodu\u0161eji, a to zejm\u00e9na z toho d\u016fvodu, \u017ee pr\u00e1v\u011b d\u00edky spole\u010dn\u00e9mu spojen\u00ed sil je mo\u017en\u00e9 toho dos\u00e1hnout, a t\u00edm tak tedy i n\u011bco zm\u011bnit. V\u011b\u0159\u00edm tak tedy tomu, \u017ee my, \u017eeny, jsme schopny ovlivnit budoucnost cel\u00e9ho lidstva, a zejm\u00e9na z toho d\u016fvodu v\u00e1s tak tedy \u017e\u00e1d\u00e1m, abyste se v\u00edce zaj\u00edmali o n\u011bjak\u00e1 lep\u0161\u00ed \u0159e\u0161en\u00ed, d\u00edky kter\u00fdm budou \u017eivoty n\u00e1s v\u0161ech, mnohem kvalitn\u011bj\u0161\u00ed oproti sou\u010dasn\u00e9 situaci.                                                                                                                                                                                                                                                                                                                                                                                         5\/5 - (5 votes)        "},{"@context":"https:\/\/schema.org\/","@type":"BreadcrumbList","itemListElement":[{"@type":"ListItem","position":1,"name":"Kr\u00e1sa s ohledem na p\u0159\u00edrodu","item":"https:\/\/www.eeap.cz\/krasa-s-ohledem-na-prirodu\/#breadcrumbitem"}]}]