[{"@context":"https:\/\/schema.org\/","@type":"Article","@id":"https:\/\/www.eeap.cz\/rok-2015-ma-byt-rokem-vasi-svatby-a-vy-jeste-nic-nepripravujete\/#Article","mainEntityOfPage":"https:\/\/www.eeap.cz\/rok-2015-ma-byt-rokem-vasi-svatby-a-vy-jeste-nic-nepripravujete\/","headline":"Rok 2015 m\u00e1 b\u00fdt rokem Va\u0161\u00ed svatby a Vy je\u0161t\u011b nic nep\u0159ipravujete?","name":"Rok 2015 m\u00e1 b\u00fdt rokem Va\u0161\u00ed svatby a Vy je\u0161t\u011b nic nep\u0159ipravujete?","description":"Nemus\u00edte se ni\u010deho ur\u010dit\u011b b\u00e1t! My V\u00e1m toti\u017e nab\u00edz\u00edme svatebn\u00ed sal\u00f3n Adina, kde najdete svatebn\u00ed \u0161aty nejen pro nev\u011bstu, ale i pro \u017eenicha a t\u0159eba&hellip;","datePublished":"2023-06-14","dateModified":"2024-06-17","author":{"@type":"Person","@id":"https:\/\/www.eeap.cz\/author\/#Person","name":"","url":"https:\/\/www.eeap.cz\/author\/","identifier":1,"image":{"@type":"ImageObject","@id":"https:\/\/secure.gravatar.com\/avatar\/390ba47df5874845ef3762ac16ecd0a67f4e30c13cbb7c7ee444ade303aa885b?s=96&d=mm&r=g","url":"https:\/\/secure.gravatar.com\/avatar\/390ba47df5874845ef3762ac16ecd0a67f4e30c13cbb7c7ee444ade303aa885b?s=96&d=mm&r=g","height":96,"width":96}},"publisher":{"@type":"Organization","name":"eeap.cz","logo":{"@type":"ImageObject","@id":"\/logo.png","url":"\/logo.png","width":600,"height":60}},"url":"https:\/\/www.eeap.cz\/rok-2015-ma-byt-rokem-vasi-svatby-a-vy-jeste-nic-nepripravujete\/","wordCount":235,"articleBody":"Nemus\u00edte se ni\u010deho ur\u010dit\u011b b\u00e1t! My V\u00e1m toti\u017e nab\u00edz\u00edme svatebn\u00ed sal\u00f3n Adina, kde najdete svatebn\u00ed \u0161aty nejen pro nev\u011bstu, ale i pro \u017eenicha a t\u0159eba i pro n\u011bkter\u00e9 jin\u00e9 svateb\u010dany. D\u00e1le zde m\u016f\u017eete vyu\u017e\u00edt i jin\u00fdch slu\u017eeb, kter\u00e9 se t\u00fdkaj\u00ed Va\u0161eho svatebn\u00edho dne, kdy bude pot\u0159eba zorganizovat i tis\u00edc jin\u00fdch dal\u0161\u00edch a nezbytn\u00fdch v\u011bc\u00ed a Vy si na to sami netrouf\u00e1te. Dne\u0161n\u00ed doba toti\u017e nab\u00edz\u00ed pomoc opravdu ve v\u0161ech mo\u017en\u00fdch odv\u011btv\u00edch, v\u010detn\u011b tohoto nevyj\u00edmaje.Zhluboka se nadechn\u011bte a za\u010dn\u011bte pl\u00e1novat Va\u0161\u00ed svatbuA to m\u016f\u017eete ve spolupr\u00e1ci s n\u011bk\u00fdm kompetentn\u00edm, kdo v tom um\u00ed ji\u017e n\u011bjakou dobu chodit. Svatebn\u00ed sal\u00f3n Adina nab\u00edz\u00ed ve\u0161ker\u00e9 sv\u00e9 slu\u017eby, kter\u00e9 nezahrnuj\u00ed pouze svatebn\u00ed \u0161aty a jejich p\u016fj\u010den\u00ed, ale samoz\u0159ejm\u011b i jin\u00e9 slu\u017eby, jako jsou nap\u0159\u00edklad spole\u010densk\u00e9 \u0161aty, kter\u00e9 se m\u016f\u017eou hodit pro potencion\u00e1ln\u00ed sv\u011bdky nebo rodi\u010de. Rovn\u011b\u017e V\u00e1m na tomto m\u00edst\u011b pomohou s v\u00fdb\u011brem snubn\u00edch prsten\u016f a s dal\u0161\u00edmi organiza\u010dn\u00edmi v\u011bcmi. Slu\u017eby tohoto druhu ji\u017e nemus\u00edte zn\u00e1t jen z televize, ale stanou se skute\u010dnost\u00ed.                                                                                                                                                                                                                                                                                                                                                                                        4.2\/5 - (12 votes)        "},{"@context":"https:\/\/schema.org\/","@type":"BreadcrumbList","itemListElement":[{"@type":"ListItem","position":1,"name":"Rok 2015 m\u00e1 b\u00fdt rokem Va\u0161\u00ed svatby a Vy je\u0161t\u011b nic nep\u0159ipravujete?","item":"https:\/\/www.eeap.cz\/rok-2015-ma-byt-rokem-vasi-svatby-a-vy-jeste-nic-nepripravujete\/#breadcrumbitem"}]}]